{"id":6210,"date":"2023-04-28T07:45:31","date_gmt":"2023-04-28T05:45:31","guid":{"rendered":"https:\/\/cpih.ch\/?p=6210"},"modified":"2023-05-02T10:47:33","modified_gmt":"2023-05-02T08:47:33","slug":"april-2023-welttag-fuer-gesundheit-und-sicherheit-am-arbeitsplatz-gsa","status":"publish","type":"post","link":"https:\/\/cpih.ch\/de\/april-2023-welttag-fuer-gesundheit-und-sicherheit-am-arbeitsplatz-gsa\/","title":{"rendered":"28. April 2023 &#8211; Welttag f\u00fcr Gesundheit und Sicherheit am Arbeitsplatz (GSA)"},"content":{"rendered":"<div class=\"vce-row-container\" data-vce-boxed-width=\"true\"><div class=\"vce-row vce-row--col-gap-30 vce-row-equal-height vce-row-content--top\" id=\"el-fa971dff\" data-vce-do-apply=\"all el-fa971dff\"><div class=\"vce-row-content\" data-vce-element-content=\"true\"><div class=\"vce-col vce-col--md-auto vce-col--xs-1 vce-col--xs-last vce-col--xs-first vce-col--sm-last vce-col--sm-first vce-col--md-last vce-col--lg-last vce-col--xl-last vce-col--md-first vce-col--lg-first vce-col--xl-first\" id=\"el-c525be8a\"><div class=\"vce-col-inner\" data-vce-do-apply=\"border margin background  el-c525be8a\"><div class=\"vce-col-content\" data-vce-element-content=\"true\" data-vce-do-apply=\"padding el-c525be8a\"><div class=\"vce-text-block\"><div class=\"vce-text-block-wrapper vce\" id=\"el-13accb34\" data-vce-do-apply=\"all el-13accb34\"><p>Dieser Tag, der von der Internationalen Arbeitsorganisation (ILO) im Jahr 2003 ins Leben gerufen wurde, f\u00f6rdert sichere, gesunde und nachhaltige Arbeitsumgebungen auf der ganzen Welt. Ziel ist es, die Bedeutung von Arbeitssicherheit und Gesundheitsschutz zu sensibilisieren und auf die Notwendigkeit hinzuweisen, kontinuierlich an der Verbesserung dieses wichtigen Themas am Arbeitsplatz zu arbeiten. Es ist auch eine Gelegenheit, auf die Bedeutung der Pr\u00e4vention von arbeitsbedingten Unf\u00e4llen und Krankheiten hinzuweisen. Laut SUVA verletzen sich in der Schweiz jeden Tag 800 Menschen bei der Arbeit. Diese Statistiken unterstreichen die Notwendigkeit, Anstrengungen zur Verbesserung von Sicherheit und Gesundheit am Arbeitsplatz fortzusetzen.<\/p><p><strong>Um den Welttag f\u00fcr Gesundheit und Sicherheit am Arbeitsplatz zu feiern<\/strong>, ist es wichtig, Arbeitgeber und Arbeitnehmer f\u00fcr die damit verbundenen Probleme zu sensibilisieren und Programme zur Pr\u00e4vention von Arbeitsunf\u00e4llen und Berufskrankheiten zu f\u00f6rdern.<\/p><p>Heute - genauso wie w\u00e4hrend des Restes des Jahres - nehmen Sie sich einige Minuten Zeit, um m\u00f6gliche Gefahren zu identifizieren, die Sie umgeben (vom Produktionsumfeld bis zum B\u00fcro), \u00fcberpr\u00fcfen Sie Ihre pers\u00f6nliche Schutzausr\u00fcstung (PSA), Ihre Ergonomie am Arbeitsplatz, Ihre Sicherheitschecklisten, den Evakuierungsplan, die Sauberkeit Ihres Arbeitsbereichs, den Standort von Feuerl\u00f6scheinrichtungen usw.<\/p><p>Bei Fragen oder Zweifeln z\u00f6gern Sie nicht, Ihren Sicherheitsbeauftragten um Rat zu fragen, der Ihnen, ebenso wie unser Service, zur Verf\u00fcgung steht.<\/p><p><strong>\u2192 Das t\u00e4gliche Ziel: Eine sichere und gesunde Arbeitsumgebung.<\/strong><\/p><\/div><\/div><\/div><\/div><\/div><\/div><\/div><\/div><div class=\"vce-row-container\" data-vce-boxed-width=\"true\"><div class=\"vce-row vce-row--col-gap-30 vce-row-equal-height vce-row-content--top\" id=\"el-ab7eaf73\" data-vce-do-apply=\"all el-ab7eaf73\"><div class=\"vce-row-content\" data-vce-element-content=\"true\"><div class=\"vce-col vce-col--md-auto vce-col--xs-1 vce-col--xs-last vce-col--xs-first vce-col--sm-last vce-col--sm-first vce-col--md-last vce-col--lg-last vce-col--xl-last vce-col--md-first vce-col--lg-first vce-col--xl-first\" id=\"el-18b972b4\"><div class=\"vce-col-inner\" data-vce-do-apply=\"border margin background  el-18b972b4\"><div class=\"vce-col-content\" data-vce-element-content=\"true\" data-vce-do-apply=\"padding el-18b972b4\"><div class=\"vce vce-separator-container vce-separator--align-center vce-separator--style-solid\" id=\"el-4f1d661e\" data-vce-do-apply=\"margin el-4f1d661e\"><div class=\"vce-separator vce-separator--color-bfc0c1 vce-separator--width-100 vce-separator--thickness-1\" data-vce-do-apply=\"border padding background  el-4f1d661e\"><\/div><\/div><\/div><\/div><\/div><\/div><\/div><\/div><div class=\"vce-row-container\" data-vce-boxed-width=\"true\"><div class=\"vce-row vce-row--col-gap-30 vce-row-equal-height vce-row-content--top\" id=\"el-47b29ac8\" data-vce-do-apply=\"all el-47b29ac8\"><div class=\"vce-row-content\" data-vce-element-content=\"true\"><div class=\"vce-col vce-col--md-auto vce-col--xs-1 vce-col--xs-last vce-col--xs-first vce-col--sm-last vce-col--sm-first vce-col--md-last vce-col--lg-last vce-col--xl-last vce-col--md-first vce-col--lg-first vce-col--xl-first\" id=\"el-3b27958e\"><div class=\"vce-col-inner\" data-vce-do-apply=\"border margin background  el-3b27958e\"><div class=\"vce-col-content\" data-vce-element-content=\"true\" data-vce-do-apply=\"padding el-3b27958e\"><div class=\"vce-text-block\"><div class=\"vce-text-block-wrapper vce\" id=\"el-3738b82c\" data-vce-do-apply=\"all el-3738b82c\"><h4>Branchenspezifische Schulungen<\/h4><p>Der Arbeitssicherheitsdienst der Arbeitgebervereinigung hat Schulungen f\u00fcr Unternehmen im Uhren- und Mikrotechnikbereich organisiert.<\/p><p>Die Palette der Schulungen reicht von der Notfallorganisation mit Erster Hilfe (Grund-, Wiederholungs- und Zyankalivergiftung) oder dem Einsatz von Feuerl\u00f6schmitteln \u00fcber Kenntnisse im Umgang mit chemischen Produkten bis hin zur Vorbeugung von Muskel-Skelett-Erkrankungen (MSE) sowie individuellen Synergien zur Unterst\u00fctzung von Teams. Dabei d\u00fcrfen auch die Schulungen zur Branchenl\u00f6sung Nr. 28 (SB28) nicht vergessen werden, die darauf abzielen, die gesetzlichen Verpflichtungen innerhalb von Unternehmen zu kennen.<\/p><\/div><\/div><\/div><\/div><\/div><\/div><\/div><\/div><div class=\"vce-row-container\" data-vce-boxed-width=\"true\"><div class=\"vce-row vce-row--col-gap-30 vce-row-equal-height vce-row-content--top\" id=\"el-6189ca57\" data-vce-do-apply=\"all el-6189ca57\"><div class=\"vce-row-content\" data-vce-element-content=\"true\"><div class=\"vce-col vce-col--md-auto vce-col--xs-1 vce-col--xs-last vce-col--xs-first vce-col--sm-last vce-col--sm-first vce-col--md-last vce-col--lg-last vce-col--xl-last vce-col--md-first vce-col--lg-first vce-col--xl-first\" id=\"el-ac7bdfab\"><div class=\"vce-col-inner\" data-vce-do-apply=\"border margin background  el-ac7bdfab\"><div class=\"vce-col-content\" data-vce-element-content=\"true\" data-vce-do-apply=\"padding el-ac7bdfab\"><div class=\"vce-button--style-basic-container vce-button--style-basic-container--align-left\"><span class=\"vce-button--style-basic-wrapper vce vce-button--style-basic-wrapper--stretched\" id=\"el-6b929918\" data-vce-do-apply=\"margin el-6b929918\"><a class=\"vce-button vce-button--style-basic vce-button--style-basic--border-rounded vce-button--style-basic--size-medium vce-button--style-basic--color-b-29-160-197--fff\" href=\"https:\/\/cpih.ch\/de\/gsa-kurse-2\/\" title=\"\" data-vce-do-apply=\"padding border background  el-6b929918\">Buchen Sie eine SST-Schulung<\/a><\/span><\/div><\/div><\/div><\/div><\/div><\/div><\/div>\n","protected":false},"excerpt":{"rendered":"<p>Um den Welttag f\u00fcr Gesundheit und Sicherheit am Arbeitsplatz zu feiern, ist es wichtig, Arbeitgeber und Arbeitnehmer f\u00fcr die damit verbundenen Probleme zu sensibilisieren und Programme zur Pr\u00e4vention von Arbeitsunf\u00e4llen und Berufskrankheiten zu f\u00f6rdern.<\/p>\n","protected":false},"author":6,"featured_media":6166,"comment_status":"open","ping_status":"open","sticky":false,"template":"","format":"standard","meta":{"_acf_changed":false,"_monsterinsights_skip_tracking":false,"_monsterinsights_sitenote_active":false,"_monsterinsights_sitenote_note":"","_monsterinsights_sitenote_category":0,"footnotes":""},"categories":[11],"tags":[],"class_list":["post-6210","post","type-post","status-publish","format-standard","has-post-thumbnail","hentry","category-sst-fr-de"],"acf":[],"yoast_head":"<!-- This site is optimized with the Yoast SEO plugin v27.4 - https:\/\/yoast.com\/product\/yoast-seo-wordpress\/ -->\n<title>28. April 2023 - Welttag f\u00fcr Gesundheit und Sicherheit am Arbeitsplatz (GSA) - Convention patronale<\/title>\n<meta name=\"description\" content=\"Um den Welttag f\u00fcr Gesundheit und Sicherheit am Arbeitsplatz zu feiern, ist es wichtig, Arbeitgeber und Arbeitnehmer f\u00fcr die damit verbundenen Probleme zu sensibilisieren und Programme zur Pr\u00e4vention von Arbeitsunf\u00e4llen und Berufskrankheiten zu f\u00f6rdern.\" \/>\n<meta name=\"robots\" content=\"index, follow, max-snippet:-1, max-image-preview:large, max-video-preview:-1\" \/>\n<link rel=\"canonical\" href=\"https:\/\/cpih.ch\/de\/april-2023-welttag-fuer-gesundheit-und-sicherheit-am-arbeitsplatz-gsa\/\" \/>\n<meta property=\"og:locale\" content=\"de_DE\" \/>\n<meta property=\"og:type\" content=\"article\" \/>\n<meta property=\"og:title\" content=\"28. April 2023 - Welttag f\u00fcr Gesundheit und Sicherheit am Arbeitsplatz (GSA) - Convention patronale\" \/>\n<meta property=\"og:description\" content=\"Um den Welttag f\u00fcr Gesundheit und Sicherheit am Arbeitsplatz zu feiern, ist es wichtig, Arbeitgeber und Arbeitnehmer f\u00fcr die damit verbundenen Probleme zu sensibilisieren und Programme zur Pr\u00e4vention von Arbeitsunf\u00e4llen und Berufskrankheiten zu f\u00f6rdern.\" \/>\n<meta property=\"og:url\" content=\"https:\/\/cpih.ch\/de\/april-2023-welttag-fuer-gesundheit-und-sicherheit-am-arbeitsplatz-gsa\/\" \/>\n<meta property=\"og:site_name\" content=\"Convention patronale\" \/>\n<meta property=\"article:published_time\" content=\"2023-04-28T05:45:31+00:00\" \/>\n<meta property=\"article:modified_time\" content=\"2023-05-02T08:47:33+00:00\" \/>\n<meta property=\"og:image\" content=\"https:\/\/cpih.ch\/wp-content\/uploads\/IMG_1519-scaled.jpeg\" \/>\n\t<meta property=\"og:image:width\" content=\"2560\" \/>\n\t<meta property=\"og:image:height\" content=\"1707\" \/>\n\t<meta property=\"og:image:type\" content=\"image\/jpeg\" \/>\n<meta name=\"author\" content=\"Ludovic Gambarini\" \/>\n<meta name=\"twitter:card\" content=\"summary_large_image\" \/>\n<meta name=\"twitter:label1\" content=\"Verfasst von\" \/>\n\t<meta name=\"twitter:data1\" content=\"Ludovic Gambarini\" \/>\n\t<meta name=\"twitter:label2\" content=\"Gesch\u00e4tzte Lesezeit\" \/>\n\t<meta name=\"twitter:data2\" content=\"2\u00a0Minuten\" \/>\n<script type=\"application\/ld+json\" class=\"yoast-schema-graph\">{\"@context\":\"https:\\\/\\\/schema.org\",\"@graph\":[{\"@type\":\"Article\",\"@id\":\"https:\\\/\\\/cpih.ch\\\/de\\\/april-2023-welttag-fuer-gesundheit-und-sicherheit-am-arbeitsplatz-gsa\\\/#article\",\"isPartOf\":{\"@id\":\"https:\\\/\\\/cpih.ch\\\/de\\\/april-2023-welttag-fuer-gesundheit-und-sicherheit-am-arbeitsplatz-gsa\\\/\"},\"author\":{\"name\":\"Ludovic Gambarini\",\"@id\":\"https:\\\/\\\/cpih.ch\\\/#\\\/schema\\\/person\\\/f76b8efa2f630e7f8ffa7a7e177567d9\"},\"headline\":\"28. April 2023 &#8211; Welttag f\u00fcr Gesundheit und Sicherheit am Arbeitsplatz (GSA)\",\"datePublished\":\"2023-04-28T05:45:31+00:00\",\"dateModified\":\"2023-05-02T08:47:33+00:00\",\"mainEntityOfPage\":{\"@id\":\"https:\\\/\\\/cpih.ch\\\/de\\\/april-2023-welttag-fuer-gesundheit-und-sicherheit-am-arbeitsplatz-gsa\\\/\"},\"wordCount\":328,\"commentCount\":0,\"image\":{\"@id\":\"https:\\\/\\\/cpih.ch\\\/de\\\/april-2023-welttag-fuer-gesundheit-und-sicherheit-am-arbeitsplatz-gsa\\\/#primaryimage\"},\"thumbnailUrl\":\"https:\\\/\\\/cpih.ch\\\/wp-content\\\/uploads\\\/IMG_1519-scaled.jpeg\",\"articleSection\":[\"Gesundheit &amp; Sicherheit\"],\"inLanguage\":\"de\",\"potentialAction\":[{\"@type\":\"CommentAction\",\"name\":\"Comment\",\"target\":[\"https:\\\/\\\/cpih.ch\\\/de\\\/april-2023-welttag-fuer-gesundheit-und-sicherheit-am-arbeitsplatz-gsa\\\/#respond\"]}]},{\"@type\":\"WebPage\",\"@id\":\"https:\\\/\\\/cpih.ch\\\/de\\\/april-2023-welttag-fuer-gesundheit-und-sicherheit-am-arbeitsplatz-gsa\\\/\",\"url\":\"https:\\\/\\\/cpih.ch\\\/de\\\/april-2023-welttag-fuer-gesundheit-und-sicherheit-am-arbeitsplatz-gsa\\\/\",\"name\":\"28. April 2023 - Welttag f\u00fcr Gesundheit und Sicherheit am Arbeitsplatz (GSA) - Convention patronale\",\"isPartOf\":{\"@id\":\"https:\\\/\\\/cpih.ch\\\/#website\"},\"primaryImageOfPage\":{\"@id\":\"https:\\\/\\\/cpih.ch\\\/de\\\/april-2023-welttag-fuer-gesundheit-und-sicherheit-am-arbeitsplatz-gsa\\\/#primaryimage\"},\"image\":{\"@id\":\"https:\\\/\\\/cpih.ch\\\/de\\\/april-2023-welttag-fuer-gesundheit-und-sicherheit-am-arbeitsplatz-gsa\\\/#primaryimage\"},\"thumbnailUrl\":\"https:\\\/\\\/cpih.ch\\\/wp-content\\\/uploads\\\/IMG_1519-scaled.jpeg\",\"datePublished\":\"2023-04-28T05:45:31+00:00\",\"dateModified\":\"2023-05-02T08:47:33+00:00\",\"author\":{\"@id\":\"https:\\\/\\\/cpih.ch\\\/#\\\/schema\\\/person\\\/f76b8efa2f630e7f8ffa7a7e177567d9\"},\"description\":\"Um den Welttag f\u00fcr Gesundheit und Sicherheit am Arbeitsplatz zu feiern, ist es wichtig, Arbeitgeber und Arbeitnehmer f\u00fcr die damit verbundenen Probleme zu sensibilisieren und Programme zur Pr\u00e4vention von Arbeitsunf\u00e4llen und Berufskrankheiten zu f\u00f6rdern.\",\"breadcrumb\":{\"@id\":\"https:\\\/\\\/cpih.ch\\\/de\\\/april-2023-welttag-fuer-gesundheit-und-sicherheit-am-arbeitsplatz-gsa\\\/#breadcrumb\"},\"inLanguage\":\"de\",\"potentialAction\":[{\"@type\":\"ReadAction\",\"target\":[\"https:\\\/\\\/cpih.ch\\\/de\\\/april-2023-welttag-fuer-gesundheit-und-sicherheit-am-arbeitsplatz-gsa\\\/\"]}]},{\"@type\":\"ImageObject\",\"inLanguage\":\"de\",\"@id\":\"https:\\\/\\\/cpih.ch\\\/de\\\/april-2023-welttag-fuer-gesundheit-und-sicherheit-am-arbeitsplatz-gsa\\\/#primaryimage\",\"url\":\"https:\\\/\\\/cpih.ch\\\/wp-content\\\/uploads\\\/IMG_1519-scaled.jpeg\",\"contentUrl\":\"https:\\\/\\\/cpih.ch\\\/wp-content\\\/uploads\\\/IMG_1519-scaled.jpeg\",\"width\":2560,\"height\":1707},{\"@type\":\"BreadcrumbList\",\"@id\":\"https:\\\/\\\/cpih.ch\\\/de\\\/april-2023-welttag-fuer-gesundheit-und-sicherheit-am-arbeitsplatz-gsa\\\/#breadcrumb\",\"itemListElement\":[{\"@type\":\"ListItem\",\"position\":1,\"name\":\"Accueil\",\"item\":\"https:\\\/\\\/cpih.ch\\\/de\\\/\"},{\"@type\":\"ListItem\",\"position\":2,\"name\":\"28. April 2023 &#8211; Welttag f\u00fcr Gesundheit und Sicherheit am Arbeitsplatz (GSA)\"}]},{\"@type\":\"WebSite\",\"@id\":\"https:\\\/\\\/cpih.ch\\\/#website\",\"url\":\"https:\\\/\\\/cpih.ch\\\/\",\"name\":\"Convention patronale\",\"description\":\"Un site\",\"potentialAction\":[{\"@type\":\"SearchAction\",\"target\":{\"@type\":\"EntryPoint\",\"urlTemplate\":\"https:\\\/\\\/cpih.ch\\\/?s={search_term_string}\"},\"query-input\":{\"@type\":\"PropertyValueSpecification\",\"valueRequired\":true,\"valueName\":\"search_term_string\"}}],\"inLanguage\":\"de\"},{\"@type\":\"Person\",\"@id\":\"https:\\\/\\\/cpih.ch\\\/#\\\/schema\\\/person\\\/f76b8efa2f630e7f8ffa7a7e177567d9\",\"name\":\"Ludovic Gambarini\",\"image\":{\"@type\":\"ImageObject\",\"inLanguage\":\"de\",\"@id\":\"https:\\\/\\\/secure.gravatar.com\\\/avatar\\\/55ee45044ae22d0a41e7d54177cacfd77fd37b5b9c9c29c3ac1edb615a3be3a2?s=96&d=mm&r=g\",\"url\":\"https:\\\/\\\/secure.gravatar.com\\\/avatar\\\/55ee45044ae22d0a41e7d54177cacfd77fd37b5b9c9c29c3ac1edb615a3be3a2?s=96&d=mm&r=g\",\"contentUrl\":\"https:\\\/\\\/secure.gravatar.com\\\/avatar\\\/55ee45044ae22d0a41e7d54177cacfd77fd37b5b9c9c29c3ac1edb615a3be3a2?s=96&d=mm&r=g\",\"caption\":\"Ludovic Gambarini\"},\"url\":\"https:\\\/\\\/cpih.ch\\\/de\\\/author\\\/ludovic-gambarini\\\/\"}]}<\/script>\n<!-- \/ Yoast SEO plugin. -->","yoast_head_json":{"title":"28. April 2023 - Welttag f\u00fcr Gesundheit und Sicherheit am Arbeitsplatz (GSA) - Convention patronale","description":"Um den Welttag f\u00fcr Gesundheit und Sicherheit am Arbeitsplatz zu feiern, ist es wichtig, Arbeitgeber und Arbeitnehmer f\u00fcr die damit verbundenen Probleme zu sensibilisieren und Programme zur Pr\u00e4vention von Arbeitsunf\u00e4llen und Berufskrankheiten zu f\u00f6rdern.","robots":{"index":"index","follow":"follow","max-snippet":"max-snippet:-1","max-image-preview":"max-image-preview:large","max-video-preview":"max-video-preview:-1"},"canonical":"https:\/\/cpih.ch\/de\/april-2023-welttag-fuer-gesundheit-und-sicherheit-am-arbeitsplatz-gsa\/","og_locale":"de_DE","og_type":"article","og_title":"28. April 2023 - Welttag f\u00fcr Gesundheit und Sicherheit am Arbeitsplatz (GSA) - Convention patronale","og_description":"Um den Welttag f\u00fcr Gesundheit und Sicherheit am Arbeitsplatz zu feiern, ist es wichtig, Arbeitgeber und Arbeitnehmer f\u00fcr die damit verbundenen Probleme zu sensibilisieren und Programme zur Pr\u00e4vention von Arbeitsunf\u00e4llen und Berufskrankheiten zu f\u00f6rdern.","og_url":"https:\/\/cpih.ch\/de\/april-2023-welttag-fuer-gesundheit-und-sicherheit-am-arbeitsplatz-gsa\/","og_site_name":"Convention patronale","article_published_time":"2023-04-28T05:45:31+00:00","article_modified_time":"2023-05-02T08:47:33+00:00","og_image":[{"width":2560,"height":1707,"url":"https:\/\/cpih.ch\/wp-content\/uploads\/IMG_1519-scaled.jpeg","type":"image\/jpeg"}],"author":"Ludovic Gambarini","twitter_card":"summary_large_image","twitter_misc":{"Verfasst von":"Ludovic Gambarini","Gesch\u00e4tzte Lesezeit":"2\u00a0Minuten"},"schema":{"@context":"https:\/\/schema.org","@graph":[{"@type":"Article","@id":"https:\/\/cpih.ch\/de\/april-2023-welttag-fuer-gesundheit-und-sicherheit-am-arbeitsplatz-gsa\/#article","isPartOf":{"@id":"https:\/\/cpih.ch\/de\/april-2023-welttag-fuer-gesundheit-und-sicherheit-am-arbeitsplatz-gsa\/"},"author":{"name":"Ludovic Gambarini","@id":"https:\/\/cpih.ch\/#\/schema\/person\/f76b8efa2f630e7f8ffa7a7e177567d9"},"headline":"28. April 2023 &#8211; Welttag f\u00fcr Gesundheit und Sicherheit am Arbeitsplatz (GSA)","datePublished":"2023-04-28T05:45:31+00:00","dateModified":"2023-05-02T08:47:33+00:00","mainEntityOfPage":{"@id":"https:\/\/cpih.ch\/de\/april-2023-welttag-fuer-gesundheit-und-sicherheit-am-arbeitsplatz-gsa\/"},"wordCount":328,"commentCount":0,"image":{"@id":"https:\/\/cpih.ch\/de\/april-2023-welttag-fuer-gesundheit-und-sicherheit-am-arbeitsplatz-gsa\/#primaryimage"},"thumbnailUrl":"https:\/\/cpih.ch\/wp-content\/uploads\/IMG_1519-scaled.jpeg","articleSection":["Gesundheit &amp; Sicherheit"],"inLanguage":"de","potentialAction":[{"@type":"CommentAction","name":"Comment","target":["https:\/\/cpih.ch\/de\/april-2023-welttag-fuer-gesundheit-und-sicherheit-am-arbeitsplatz-gsa\/#respond"]}]},{"@type":"WebPage","@id":"https:\/\/cpih.ch\/de\/april-2023-welttag-fuer-gesundheit-und-sicherheit-am-arbeitsplatz-gsa\/","url":"https:\/\/cpih.ch\/de\/april-2023-welttag-fuer-gesundheit-und-sicherheit-am-arbeitsplatz-gsa\/","name":"28. April 2023 - Welttag f\u00fcr Gesundheit und Sicherheit am Arbeitsplatz (GSA) - Convention patronale","isPartOf":{"@id":"https:\/\/cpih.ch\/#website"},"primaryImageOfPage":{"@id":"https:\/\/cpih.ch\/de\/april-2023-welttag-fuer-gesundheit-und-sicherheit-am-arbeitsplatz-gsa\/#primaryimage"},"image":{"@id":"https:\/\/cpih.ch\/de\/april-2023-welttag-fuer-gesundheit-und-sicherheit-am-arbeitsplatz-gsa\/#primaryimage"},"thumbnailUrl":"https:\/\/cpih.ch\/wp-content\/uploads\/IMG_1519-scaled.jpeg","datePublished":"2023-04-28T05:45:31+00:00","dateModified":"2023-05-02T08:47:33+00:00","author":{"@id":"https:\/\/cpih.ch\/#\/schema\/person\/f76b8efa2f630e7f8ffa7a7e177567d9"},"description":"Um den Welttag f\u00fcr Gesundheit und Sicherheit am Arbeitsplatz zu feiern, ist es wichtig, Arbeitgeber und Arbeitnehmer f\u00fcr die damit verbundenen Probleme zu sensibilisieren und Programme zur Pr\u00e4vention von Arbeitsunf\u00e4llen und Berufskrankheiten zu f\u00f6rdern.","breadcrumb":{"@id":"https:\/\/cpih.ch\/de\/april-2023-welttag-fuer-gesundheit-und-sicherheit-am-arbeitsplatz-gsa\/#breadcrumb"},"inLanguage":"de","potentialAction":[{"@type":"ReadAction","target":["https:\/\/cpih.ch\/de\/april-2023-welttag-fuer-gesundheit-und-sicherheit-am-arbeitsplatz-gsa\/"]}]},{"@type":"ImageObject","inLanguage":"de","@id":"https:\/\/cpih.ch\/de\/april-2023-welttag-fuer-gesundheit-und-sicherheit-am-arbeitsplatz-gsa\/#primaryimage","url":"https:\/\/cpih.ch\/wp-content\/uploads\/IMG_1519-scaled.jpeg","contentUrl":"https:\/\/cpih.ch\/wp-content\/uploads\/IMG_1519-scaled.jpeg","width":2560,"height":1707},{"@type":"BreadcrumbList","@id":"https:\/\/cpih.ch\/de\/april-2023-welttag-fuer-gesundheit-und-sicherheit-am-arbeitsplatz-gsa\/#breadcrumb","itemListElement":[{"@type":"ListItem","position":1,"name":"Accueil","item":"https:\/\/cpih.ch\/de\/"},{"@type":"ListItem","position":2,"name":"28. April 2023 &#8211; Welttag f\u00fcr Gesundheit und Sicherheit am Arbeitsplatz (GSA)"}]},{"@type":"WebSite","@id":"https:\/\/cpih.ch\/#website","url":"https:\/\/cpih.ch\/","name":"Convention patronale","description":"Un site","potentialAction":[{"@type":"SearchAction","target":{"@type":"EntryPoint","urlTemplate":"https:\/\/cpih.ch\/?s={search_term_string}"},"query-input":{"@type":"PropertyValueSpecification","valueRequired":true,"valueName":"search_term_string"}}],"inLanguage":"de"},{"@type":"Person","@id":"https:\/\/cpih.ch\/#\/schema\/person\/f76b8efa2f630e7f8ffa7a7e177567d9","name":"Ludovic Gambarini","image":{"@type":"ImageObject","inLanguage":"de","@id":"https:\/\/secure.gravatar.com\/avatar\/55ee45044ae22d0a41e7d54177cacfd77fd37b5b9c9c29c3ac1edb615a3be3a2?s=96&d=mm&r=g","url":"https:\/\/secure.gravatar.com\/avatar\/55ee45044ae22d0a41e7d54177cacfd77fd37b5b9c9c29c3ac1edb615a3be3a2?s=96&d=mm&r=g","contentUrl":"https:\/\/secure.gravatar.com\/avatar\/55ee45044ae22d0a41e7d54177cacfd77fd37b5b9c9c29c3ac1edb615a3be3a2?s=96&d=mm&r=g","caption":"Ludovic Gambarini"},"url":"https:\/\/cpih.ch\/de\/author\/ludovic-gambarini\/"}]}},"_links":{"self":[{"href":"https:\/\/cpih.ch\/de\/wp-json\/wp\/v2\/posts\/6210","targetHints":{"allow":["GET"]}}],"collection":[{"href":"https:\/\/cpih.ch\/de\/wp-json\/wp\/v2\/posts"}],"about":[{"href":"https:\/\/cpih.ch\/de\/wp-json\/wp\/v2\/types\/post"}],"author":[{"embeddable":true,"href":"https:\/\/cpih.ch\/de\/wp-json\/wp\/v2\/users\/6"}],"replies":[{"embeddable":true,"href":"https:\/\/cpih.ch\/de\/wp-json\/wp\/v2\/comments?post=6210"}],"version-history":[{"count":6,"href":"https:\/\/cpih.ch\/de\/wp-json\/wp\/v2\/posts\/6210\/revisions"}],"predecessor-version":[{"id":6216,"href":"https:\/\/cpih.ch\/de\/wp-json\/wp\/v2\/posts\/6210\/revisions\/6216"}],"wp:featuredmedia":[{"embeddable":true,"href":"https:\/\/cpih.ch\/de\/wp-json\/wp\/v2\/media\/6166"}],"wp:attachment":[{"href":"https:\/\/cpih.ch\/de\/wp-json\/wp\/v2\/media?parent=6210"}],"wp:term":[{"taxonomy":"category","embeddable":true,"href":"https:\/\/cpih.ch\/de\/wp-json\/wp\/v2\/categories?post=6210"},{"taxonomy":"post_tag","embeddable":true,"href":"https:\/\/cpih.ch\/de\/wp-json\/wp\/v2\/tags?post=6210"}],"curies":[{"name":"wp","href":"https:\/\/api.w.org\/{rel}","templated":true}]}}