{"id":5022,"date":"2022-06-23T08:16:19","date_gmt":"2022-06-23T06:16:19","guid":{"rendered":"https:\/\/cpih.ch\/?p=5022"},"modified":"2022-06-23T08:44:29","modified_gmt":"2022-06-23T06:44:29","slug":"mindestloehne-neue-vereinbarung-fuer-den-kanton-bern-3","status":"publish","type":"post","link":"https:\/\/cpih.ch\/de\/mindestloehne-neue-vereinbarung-fuer-den-kanton-bern-3\/","title":{"rendered":"Neuer Generalsekret\u00e4r des Arbeitsgeberverbands der Uhrenindustrie"},"content":{"rendered":"<div class=\"vce-row-container\" data-vce-boxed-width=\"true\"><div class=\"vce-row vce-row--col-gap-30 vce-row-content--top\" id=\"el-572af5ec\" data-vce-do-apply=\"all el-572af5ec\"><div class=\"vce-row-content\" data-vce-element-content=\"true\"><div class=\"vce-col vce-col--md-auto vce-col--xs-1 vce-col--xs-last vce-col--xs-first vce-col--sm-last vce-col--sm-first vce-col--md-last vce-col--lg-last vce-col--xl-last vce-col--md-first vce-col--lg-first vce-col--xl-first\" id=\"el-f0112d00\"><div class=\"vce-col-inner\" data-vce-do-apply=\"border margin background  el-f0112d00\"><div class=\"vce-col-content\" data-vce-element-content=\"true\" data-vce-do-apply=\"padding el-f0112d00\"><div class=\"vce-text-block\"><div class=\"vce-text-block-wrapper vce\" id=\"el-0cc32bdf\" data-vce-do-apply=\"all el-0cc32bdf\"><p><strong>Die Generalversammlung des Arbeitgeberverbands der Schweizer Uhrenindustrie (CP) hat Ludovic Voillat, derzeit Leiter des Dienstes Kommunikation und Digitales, zum neuen Generalsekret\u00e4r ernannt. Er wird am 1.&nbsp;November 2022 die Nachfolge von Fran\u00e7ois Matile antreten.<\/strong><\/p><p>Ludovic Voillat, der \u00fcber ein Diplom in Marketing und Kommunikation verf\u00fcgt, hat seine Karriere in den Medien, im digitalen Marketing und in der Personalrekrutierung be\u00adgonnen, bevor er vor fast sieben Jahre die Leitung des Dienstes Kommunikation und Digitales des Arbeitgeberverbands CP \u00fcbernahm. Der 36-j\u00e4hrige zweifache Vater, der in Val-de-Ruz wohnt, verf\u00fcgt \u00fcber eine \u00fcbergreifende Kenntnis der verschiedenen Bereiche des Arbeitgeberverbands und war an zahlreichen Aktivit\u00e4ten des General\u00adsekretariats unter anderem im Zusammenhang mit der Arbeitgeberpolitik beteiligt, so etwa an Verhandlungen \u00fcber den Gesamtarbeitsvertrag (GAV). Im Rahmen seiner aktuellen T\u00e4tigkeit engagierte er sich insbesondere f\u00fcr die Digitalisierung und Moderni\u00adsierung der Kommunikationsmittel und des Markenimages des Arbeitgeberverbands. Er wird seine neue Funktion am 1.&nbsp;November dieses Jahres antreten und der sechste Generalsekret\u00e4r seit 1937 sein. Die Generalversammlung, die ihn einstimmig gew\u00e4hlt hat, bevorzugte eine interne Kandidatur und wollte damit auf Kontinuit\u00e4t setzen.<\/p><p>Ludovic Voillat folgt auf Fran\u00e7ois Matile, der am 31.&nbsp;Oktober in den Ruhestand tritt. Der scheidende Generalsekret\u00e4r ist seit 32 Jahren beim Arbeitgeberverband (CP) t\u00e4tig, davon 24 Jahre als Generalsekret\u00e4r. In dieser Zeit leitete und begleitete er die Entwick\u00adlung der Dachorganisation einer Branche, die gepr\u00e4gt ist durch zahlreiche Ver\u00e4nderun\u00adgen und deren Mitarbeiterzahl w\u00e4hrend der Amtszeit von Fran\u00e7ois Matile von 34'000 auf 57'000 gewachsen ist. Fran\u00e7ois Matile nahm an sechs GAV-Verhandlungen mit den Gewerkschaften teil oder leitete diese und trug stark dazu bei, die Leistungen des Arbeitgeberverbands f\u00fcr die Unternehmen der Branche auszu\u00adbauen.<\/p><p>Der Arbeitgeberverband der Schweizer Uhrenindustrie (CP) ist seit 1937 die Dach-organisation der Arbeitgeber der Uhrenbranche und der mikrotechnischen Industrie. Er ist f\u00fcr die Sozialpartnerschaft in der Uhrenindustrie, die gesamte Berufsbildung sowie f\u00fcr Fragen der Gesundheit und Sicherheit am Arbeitsplatz f\u00fcr seine \u00fcber 500 ange-schlossenen Unternehmen mit fast 50'000 Arbeitnehmerinnen und Arbeitnehmern zust\u00e4ndig. Pr\u00e4sident ist der Neuenburger Anwalt und St\u00e4nderat Philippe Bauer.<\/p><\/div><\/div><\/div><\/div><\/div><\/div><\/div><\/div>\n","protected":false},"excerpt":{"rendered":"<p>Die Generalversammlung  hat Ludovic Voillat zum neuen Generalsekret\u00e4r ernannt.<\/p>\n","protected":false},"author":3,"featured_media":5074,"comment_status":"open","ping_status":"open","sticky":false,"template":"","format":"standard","meta":{"_acf_changed":false,"_monsterinsights_skip_tracking":false,"_monsterinsights_sitenote_active":false,"_monsterinsights_sitenote_note":"","_monsterinsights_sitenote_category":0,"footnotes":""},"categories":[14],"tags":[],"class_list":["post-5022","post","type-post","status-publish","format-standard","has-post-thumbnail","hentry","category-cp-fr-de"],"acf":[],"yoast_head":"<!-- This site is optimized with the Yoast SEO plugin v27.4 - https:\/\/yoast.com\/product\/yoast-seo-wordpress\/ -->\n<title>Neuer Generalsekret\u00e4r des Arbeitsgeberverbands der Uhrenindustrie - Convention patronale<\/title>\n<meta name=\"description\" content=\"Retrouvez l\u2019ensemble des informations concernant le coronavirus, les mesures d&#039;hygi\u00e8ne et les informations pour les entreprises horlog\u00e8res et microtechniques.\" \/>\n<meta name=\"robots\" content=\"index, follow, max-snippet:-1, max-image-preview:large, max-video-preview:-1\" \/>\n<link rel=\"canonical\" href=\"https:\/\/cpih.ch\/de\/mindestloehne-neue-vereinbarung-fuer-den-kanton-bern-3\/\" \/>\n<meta property=\"og:locale\" content=\"de_DE\" \/>\n<meta property=\"og:type\" content=\"article\" \/>\n<meta property=\"og:title\" content=\"Neuer Generalsekret\u00e4r des Arbeitsgeberverbands der Uhrenindustrie - Convention patronale\" \/>\n<meta property=\"og:description\" content=\"Retrouvez l\u2019ensemble des informations concernant le coronavirus, les mesures d&#039;hygi\u00e8ne et les informations pour les entreprises horlog\u00e8res et microtechniques.\" \/>\n<meta property=\"og:url\" content=\"https:\/\/cpih.ch\/de\/mindestloehne-neue-vereinbarung-fuer-den-kanton-bern-3\/\" \/>\n<meta property=\"og:site_name\" content=\"Convention patronale\" \/>\n<meta property=\"article:published_time\" content=\"2022-06-23T06:16:19+00:00\" \/>\n<meta property=\"article:modified_time\" content=\"2022-06-23T06:44:29+00:00\" \/>\n<meta property=\"og:image\" content=\"https:\/\/cpih.ch\/wp-content\/uploads\/test_RS.jpg\" \/>\n\t<meta property=\"og:image:width\" content=\"1200\" \/>\n\t<meta property=\"og:image:height\" content=\"630\" \/>\n\t<meta property=\"og:image:type\" content=\"image\/jpeg\" \/>\n<meta name=\"author\" content=\"Ludovic Voillat\" \/>\n<meta name=\"twitter:card\" content=\"summary_large_image\" \/>\n<meta name=\"twitter:label1\" content=\"Verfasst von\" \/>\n\t<meta name=\"twitter:data1\" content=\"Ludovic Voillat\" \/>\n\t<meta name=\"twitter:label2\" content=\"Gesch\u00e4tzte Lesezeit\" \/>\n\t<meta name=\"twitter:data2\" content=\"2\u00a0Minuten\" \/>\n<script type=\"application\/ld+json\" class=\"yoast-schema-graph\">{\"@context\":\"https:\\\/\\\/schema.org\",\"@graph\":[{\"@type\":\"Article\",\"@id\":\"https:\\\/\\\/cpih.ch\\\/de\\\/mindestloehne-neue-vereinbarung-fuer-den-kanton-bern-3\\\/#article\",\"isPartOf\":{\"@id\":\"https:\\\/\\\/cpih.ch\\\/de\\\/mindestloehne-neue-vereinbarung-fuer-den-kanton-bern-3\\\/\"},\"author\":{\"name\":\"Ludovic Voillat\",\"@id\":\"https:\\\/\\\/cpih.ch\\\/#\\\/schema\\\/person\\\/dfeebb45ba64850e44e245af9e4e6b19\"},\"headline\":\"Neuer Generalsekret\u00e4r des Arbeitsgeberverbands der Uhrenindustrie\",\"datePublished\":\"2022-06-23T06:16:19+00:00\",\"dateModified\":\"2022-06-23T06:44:29+00:00\",\"mainEntityOfPage\":{\"@id\":\"https:\\\/\\\/cpih.ch\\\/de\\\/mindestloehne-neue-vereinbarung-fuer-den-kanton-bern-3\\\/\"},\"wordCount\":357,\"commentCount\":0,\"image\":{\"@id\":\"https:\\\/\\\/cpih.ch\\\/de\\\/mindestloehne-neue-vereinbarung-fuer-den-kanton-bern-3\\\/#primaryimage\"},\"thumbnailUrl\":\"https:\\\/\\\/cpih.ch\\\/wp-content\\\/uploads\\\/FM_LV3_redweb.jpg\",\"articleSection\":[\"Arbeitgeberverband\"],\"inLanguage\":\"de\",\"potentialAction\":[{\"@type\":\"CommentAction\",\"name\":\"Comment\",\"target\":[\"https:\\\/\\\/cpih.ch\\\/de\\\/mindestloehne-neue-vereinbarung-fuer-den-kanton-bern-3\\\/#respond\"]}]},{\"@type\":\"WebPage\",\"@id\":\"https:\\\/\\\/cpih.ch\\\/de\\\/mindestloehne-neue-vereinbarung-fuer-den-kanton-bern-3\\\/\",\"url\":\"https:\\\/\\\/cpih.ch\\\/de\\\/mindestloehne-neue-vereinbarung-fuer-den-kanton-bern-3\\\/\",\"name\":\"Neuer Generalsekret\u00e4r des Arbeitsgeberverbands der Uhrenindustrie - Convention patronale\",\"isPartOf\":{\"@id\":\"https:\\\/\\\/cpih.ch\\\/#website\"},\"primaryImageOfPage\":{\"@id\":\"https:\\\/\\\/cpih.ch\\\/de\\\/mindestloehne-neue-vereinbarung-fuer-den-kanton-bern-3\\\/#primaryimage\"},\"image\":{\"@id\":\"https:\\\/\\\/cpih.ch\\\/de\\\/mindestloehne-neue-vereinbarung-fuer-den-kanton-bern-3\\\/#primaryimage\"},\"thumbnailUrl\":\"https:\\\/\\\/cpih.ch\\\/wp-content\\\/uploads\\\/FM_LV3_redweb.jpg\",\"datePublished\":\"2022-06-23T06:16:19+00:00\",\"dateModified\":\"2022-06-23T06:44:29+00:00\",\"author\":{\"@id\":\"https:\\\/\\\/cpih.ch\\\/#\\\/schema\\\/person\\\/dfeebb45ba64850e44e245af9e4e6b19\"},\"description\":\"Retrouvez l\u2019ensemble des informations concernant le coronavirus, les mesures d'hygi\u00e8ne et les informations pour les entreprises horlog\u00e8res et microtechniques.\",\"breadcrumb\":{\"@id\":\"https:\\\/\\\/cpih.ch\\\/de\\\/mindestloehne-neue-vereinbarung-fuer-den-kanton-bern-3\\\/#breadcrumb\"},\"inLanguage\":\"de\",\"potentialAction\":[{\"@type\":\"ReadAction\",\"target\":[\"https:\\\/\\\/cpih.ch\\\/de\\\/mindestloehne-neue-vereinbarung-fuer-den-kanton-bern-3\\\/\"]}]},{\"@type\":\"ImageObject\",\"inLanguage\":\"de\",\"@id\":\"https:\\\/\\\/cpih.ch\\\/de\\\/mindestloehne-neue-vereinbarung-fuer-den-kanton-bern-3\\\/#primaryimage\",\"url\":\"https:\\\/\\\/cpih.ch\\\/wp-content\\\/uploads\\\/FM_LV3_redweb.jpg\",\"contentUrl\":\"https:\\\/\\\/cpih.ch\\\/wp-content\\\/uploads\\\/FM_LV3_redweb.jpg\",\"width\":1814,\"height\":1560},{\"@type\":\"BreadcrumbList\",\"@id\":\"https:\\\/\\\/cpih.ch\\\/de\\\/mindestloehne-neue-vereinbarung-fuer-den-kanton-bern-3\\\/#breadcrumb\",\"itemListElement\":[{\"@type\":\"ListItem\",\"position\":1,\"name\":\"Accueil\",\"item\":\"https:\\\/\\\/cpih.ch\\\/de\\\/\"},{\"@type\":\"ListItem\",\"position\":2,\"name\":\"Neuer Generalsekret\u00e4r des Arbeitsgeberverbands der Uhrenindustrie\"}]},{\"@type\":\"WebSite\",\"@id\":\"https:\\\/\\\/cpih.ch\\\/#website\",\"url\":\"https:\\\/\\\/cpih.ch\\\/\",\"name\":\"Convention patronale\",\"description\":\"Un site\",\"potentialAction\":[{\"@type\":\"SearchAction\",\"target\":{\"@type\":\"EntryPoint\",\"urlTemplate\":\"https:\\\/\\\/cpih.ch\\\/?s={search_term_string}\"},\"query-input\":{\"@type\":\"PropertyValueSpecification\",\"valueRequired\":true,\"valueName\":\"search_term_string\"}}],\"inLanguage\":\"de\"},{\"@type\":\"Person\",\"@id\":\"https:\\\/\\\/cpih.ch\\\/#\\\/schema\\\/person\\\/dfeebb45ba64850e44e245af9e4e6b19\",\"name\":\"Ludovic Voillat\",\"image\":{\"@type\":\"ImageObject\",\"inLanguage\":\"de\",\"@id\":\"https:\\\/\\\/secure.gravatar.com\\\/avatar\\\/ef8aa449dc4a3fea76e7a6d3730547e175315a74fa5ea434ed88a72afabaa926?s=96&d=mm&r=g\",\"url\":\"https:\\\/\\\/secure.gravatar.com\\\/avatar\\\/ef8aa449dc4a3fea76e7a6d3730547e175315a74fa5ea434ed88a72afabaa926?s=96&d=mm&r=g\",\"contentUrl\":\"https:\\\/\\\/secure.gravatar.com\\\/avatar\\\/ef8aa449dc4a3fea76e7a6d3730547e175315a74fa5ea434ed88a72afabaa926?s=96&d=mm&r=g\",\"caption\":\"Ludovic Voillat\"},\"url\":\"https:\\\/\\\/cpih.ch\\\/de\\\/author\\\/l-voillatcpih-ch\\\/\"}]}<\/script>\n<!-- \/ Yoast SEO plugin. -->","yoast_head_json":{"title":"Neuer Generalsekret\u00e4r des Arbeitsgeberverbands der Uhrenindustrie - Convention patronale","description":"Retrouvez l\u2019ensemble des informations concernant le coronavirus, les mesures d'hygi\u00e8ne et les informations pour les entreprises horlog\u00e8res et microtechniques.","robots":{"index":"index","follow":"follow","max-snippet":"max-snippet:-1","max-image-preview":"max-image-preview:large","max-video-preview":"max-video-preview:-1"},"canonical":"https:\/\/cpih.ch\/de\/mindestloehne-neue-vereinbarung-fuer-den-kanton-bern-3\/","og_locale":"de_DE","og_type":"article","og_title":"Neuer Generalsekret\u00e4r des Arbeitsgeberverbands der Uhrenindustrie - Convention patronale","og_description":"Retrouvez l\u2019ensemble des informations concernant le coronavirus, les mesures d'hygi\u00e8ne et les informations pour les entreprises horlog\u00e8res et microtechniques.","og_url":"https:\/\/cpih.ch\/de\/mindestloehne-neue-vereinbarung-fuer-den-kanton-bern-3\/","og_site_name":"Convention patronale","article_published_time":"2022-06-23T06:16:19+00:00","article_modified_time":"2022-06-23T06:44:29+00:00","og_image":[{"width":1200,"height":630,"url":"https:\/\/cpih.ch\/wp-content\/uploads\/test_RS.jpg","type":"image\/jpeg"}],"author":"Ludovic Voillat","twitter_card":"summary_large_image","twitter_misc":{"Verfasst von":"Ludovic Voillat","Gesch\u00e4tzte Lesezeit":"2\u00a0Minuten"},"schema":{"@context":"https:\/\/schema.org","@graph":[{"@type":"Article","@id":"https:\/\/cpih.ch\/de\/mindestloehne-neue-vereinbarung-fuer-den-kanton-bern-3\/#article","isPartOf":{"@id":"https:\/\/cpih.ch\/de\/mindestloehne-neue-vereinbarung-fuer-den-kanton-bern-3\/"},"author":{"name":"Ludovic Voillat","@id":"https:\/\/cpih.ch\/#\/schema\/person\/dfeebb45ba64850e44e245af9e4e6b19"},"headline":"Neuer Generalsekret\u00e4r des Arbeitsgeberverbands der Uhrenindustrie","datePublished":"2022-06-23T06:16:19+00:00","dateModified":"2022-06-23T06:44:29+00:00","mainEntityOfPage":{"@id":"https:\/\/cpih.ch\/de\/mindestloehne-neue-vereinbarung-fuer-den-kanton-bern-3\/"},"wordCount":357,"commentCount":0,"image":{"@id":"https:\/\/cpih.ch\/de\/mindestloehne-neue-vereinbarung-fuer-den-kanton-bern-3\/#primaryimage"},"thumbnailUrl":"https:\/\/cpih.ch\/wp-content\/uploads\/FM_LV3_redweb.jpg","articleSection":["Arbeitgeberverband"],"inLanguage":"de","potentialAction":[{"@type":"CommentAction","name":"Comment","target":["https:\/\/cpih.ch\/de\/mindestloehne-neue-vereinbarung-fuer-den-kanton-bern-3\/#respond"]}]},{"@type":"WebPage","@id":"https:\/\/cpih.ch\/de\/mindestloehne-neue-vereinbarung-fuer-den-kanton-bern-3\/","url":"https:\/\/cpih.ch\/de\/mindestloehne-neue-vereinbarung-fuer-den-kanton-bern-3\/","name":"Neuer Generalsekret\u00e4r des Arbeitsgeberverbands der Uhrenindustrie - Convention patronale","isPartOf":{"@id":"https:\/\/cpih.ch\/#website"},"primaryImageOfPage":{"@id":"https:\/\/cpih.ch\/de\/mindestloehne-neue-vereinbarung-fuer-den-kanton-bern-3\/#primaryimage"},"image":{"@id":"https:\/\/cpih.ch\/de\/mindestloehne-neue-vereinbarung-fuer-den-kanton-bern-3\/#primaryimage"},"thumbnailUrl":"https:\/\/cpih.ch\/wp-content\/uploads\/FM_LV3_redweb.jpg","datePublished":"2022-06-23T06:16:19+00:00","dateModified":"2022-06-23T06:44:29+00:00","author":{"@id":"https:\/\/cpih.ch\/#\/schema\/person\/dfeebb45ba64850e44e245af9e4e6b19"},"description":"Retrouvez l\u2019ensemble des informations concernant le coronavirus, les mesures d'hygi\u00e8ne et les informations pour les entreprises horlog\u00e8res et microtechniques.","breadcrumb":{"@id":"https:\/\/cpih.ch\/de\/mindestloehne-neue-vereinbarung-fuer-den-kanton-bern-3\/#breadcrumb"},"inLanguage":"de","potentialAction":[{"@type":"ReadAction","target":["https:\/\/cpih.ch\/de\/mindestloehne-neue-vereinbarung-fuer-den-kanton-bern-3\/"]}]},{"@type":"ImageObject","inLanguage":"de","@id":"https:\/\/cpih.ch\/de\/mindestloehne-neue-vereinbarung-fuer-den-kanton-bern-3\/#primaryimage","url":"https:\/\/cpih.ch\/wp-content\/uploads\/FM_LV3_redweb.jpg","contentUrl":"https:\/\/cpih.ch\/wp-content\/uploads\/FM_LV3_redweb.jpg","width":1814,"height":1560},{"@type":"BreadcrumbList","@id":"https:\/\/cpih.ch\/de\/mindestloehne-neue-vereinbarung-fuer-den-kanton-bern-3\/#breadcrumb","itemListElement":[{"@type":"ListItem","position":1,"name":"Accueil","item":"https:\/\/cpih.ch\/de\/"},{"@type":"ListItem","position":2,"name":"Neuer Generalsekret\u00e4r des Arbeitsgeberverbands der Uhrenindustrie"}]},{"@type":"WebSite","@id":"https:\/\/cpih.ch\/#website","url":"https:\/\/cpih.ch\/","name":"Convention patronale","description":"Un site","potentialAction":[{"@type":"SearchAction","target":{"@type":"EntryPoint","urlTemplate":"https:\/\/cpih.ch\/?s={search_term_string}"},"query-input":{"@type":"PropertyValueSpecification","valueRequired":true,"valueName":"search_term_string"}}],"inLanguage":"de"},{"@type":"Person","@id":"https:\/\/cpih.ch\/#\/schema\/person\/dfeebb45ba64850e44e245af9e4e6b19","name":"Ludovic Voillat","image":{"@type":"ImageObject","inLanguage":"de","@id":"https:\/\/secure.gravatar.com\/avatar\/ef8aa449dc4a3fea76e7a6d3730547e175315a74fa5ea434ed88a72afabaa926?s=96&d=mm&r=g","url":"https:\/\/secure.gravatar.com\/avatar\/ef8aa449dc4a3fea76e7a6d3730547e175315a74fa5ea434ed88a72afabaa926?s=96&d=mm&r=g","contentUrl":"https:\/\/secure.gravatar.com\/avatar\/ef8aa449dc4a3fea76e7a6d3730547e175315a74fa5ea434ed88a72afabaa926?s=96&d=mm&r=g","caption":"Ludovic Voillat"},"url":"https:\/\/cpih.ch\/de\/author\/l-voillatcpih-ch\/"}]}},"_links":{"self":[{"href":"https:\/\/cpih.ch\/de\/wp-json\/wp\/v2\/posts\/5022","targetHints":{"allow":["GET"]}}],"collection":[{"href":"https:\/\/cpih.ch\/de\/wp-json\/wp\/v2\/posts"}],"about":[{"href":"https:\/\/cpih.ch\/de\/wp-json\/wp\/v2\/types\/post"}],"author":[{"embeddable":true,"href":"https:\/\/cpih.ch\/de\/wp-json\/wp\/v2\/users\/3"}],"replies":[{"embeddable":true,"href":"https:\/\/cpih.ch\/de\/wp-json\/wp\/v2\/comments?post=5022"}],"version-history":[{"count":5,"href":"https:\/\/cpih.ch\/de\/wp-json\/wp\/v2\/posts\/5022\/revisions"}],"predecessor-version":[{"id":5083,"href":"https:\/\/cpih.ch\/de\/wp-json\/wp\/v2\/posts\/5022\/revisions\/5083"}],"wp:featuredmedia":[{"embeddable":true,"href":"https:\/\/cpih.ch\/de\/wp-json\/wp\/v2\/media\/5074"}],"wp:attachment":[{"href":"https:\/\/cpih.ch\/de\/wp-json\/wp\/v2\/media?parent=5022"}],"wp:term":[{"taxonomy":"category","embeddable":true,"href":"https:\/\/cpih.ch\/de\/wp-json\/wp\/v2\/categories?post=5022"},{"taxonomy":"post_tag","embeddable":true,"href":"https:\/\/cpih.ch\/de\/wp-json\/wp\/v2\/tags?post=5022"}],"curies":[{"name":"wp","href":"https:\/\/api.w.org\/{rel}","templated":true}]}}