{"id":4954,"date":"2022-06-07T13:31:19","date_gmt":"2022-06-07T11:31:19","guid":{"rendered":"https:\/\/cpih.ch\/?p=4954"},"modified":"2022-06-07T13:38:00","modified_gmt":"2022-06-07T11:38:00","slug":"mindestloehne-neue-vereinbarung-fuer-den-kanton-bern","status":"publish","type":"post","link":"https:\/\/cpih.ch\/de\/mindestloehne-neue-vereinbarung-fuer-den-kanton-bern\/","title":{"rendered":"Mindestl\u00f6hne: Neue Vereinbarung f\u00fcr den Kanton Bern"},"content":{"rendered":"<div class=\"vce-row-container\" data-vce-boxed-width=\"true\"><div class=\"vce-row vce-row--col-gap-30 vce-row-content--top\" id=\"el-572af5ec\" data-vce-do-apply=\"all el-572af5ec\"><div class=\"vce-row-content\" data-vce-element-content=\"true\"><div class=\"vce-col vce-col--md-auto vce-col--xs-1 vce-col--xs-last vce-col--xs-first vce-col--sm-last vce-col--sm-first vce-col--md-last vce-col--lg-last vce-col--xl-last vce-col--md-first vce-col--lg-first vce-col--xl-first\" id=\"el-f0112d00\"><div class=\"vce-col-inner\" data-vce-do-apply=\"border margin background  el-f0112d00\"><div class=\"vce-col-content\" data-vce-element-content=\"true\" data-vce-do-apply=\"padding el-f0112d00\"><div class=\"vce-text-block\"><div class=\"vce-text-block-wrapper vce\" id=\"el-0cc32bdf\" data-vce-do-apply=\"all el-0cc32bdf\"><p>Die Gewerkschafts- und Arbeitgeberdelegationen haben sich auf eine neue Vereinbarung \u00fcber die Mindestl\u00f6hne im&nbsp;Kanton Bern (ohne Berner Jura) geeinigt.&nbsp;<br><br>Die neuen L\u00f6hne wurden von unserer Generalversammlung ratifiziert und sind am 1. Juni 2022 in Kraft getreten.<\/p><\/div><\/div><\/div><\/div><\/div><\/div><\/div><\/div><div class=\"vce-row-container\" data-vce-boxed-width=\"true\"><div class=\"vce-row vce-row--col-gap-30 vce-row-equal-height vce-row-content--top\" id=\"el-1ea304f3\" data-vce-do-apply=\"all el-1ea304f3\"><div class=\"vce-row-content\" data-vce-element-content=\"true\"><div class=\"vce-col vce-col--md-auto vce-col--xs-1 vce-col--xs-last vce-col--xs-first vce-col--sm-last vce-col--sm-first vce-col--md-last vce-col--lg-last vce-col--xl-last vce-col--md-first vce-col--lg-first vce-col--xl-first\" id=\"el-9d5374af\"><div class=\"vce-col-inner\" data-vce-do-apply=\"border margin background  el-9d5374af\"><div class=\"vce-col-content\" data-vce-element-content=\"true\" data-vce-do-apply=\"padding el-9d5374af\"><div class=\"vce-button--style-basic-container vce-button--style-basic-container--align-left\"><span class=\"vce-button--style-basic-wrapper vce vce-button--style-basic-wrapper--stretched\" id=\"el-5b17f5cb\" data-vce-do-apply=\"margin el-5b17f5cb\"><a class=\"vce-button vce-button--style-basic vce-button--style-basic--border-round vce-button--style-basic--size-medium vce-button--style-basic--color-b-10-171-202--fff vce-button--style-basic--hover-color-b-7-128-151--fff\" href=\"https:\/\/cpih.ch\/de\/loehne\/\" title=\"\" data-vce-do-apply=\"padding border background  el-5b17f5cb\">Details zu den Mindestl\u00f6hnen<\/a><\/span><\/div><\/div><\/div><\/div><\/div><\/div><\/div>\n","protected":false},"excerpt":{"rendered":"<p>Die Gewerkschafts- und Arbeitgeberdelegationen haben sich auf eine neue Vereinbarung \u00fcber die Mindestl\u00f6hne im Kanton Bern (ohne Berner Jura) geeinigt. <\/p>\n","protected":false},"author":3,"featured_media":4961,"comment_status":"open","ping_status":"open","sticky":false,"template":"","format":"standard","meta":{"_acf_changed":false,"_monsterinsights_skip_tracking":false,"_monsterinsights_sitenote_active":false,"_monsterinsights_sitenote_note":"","_monsterinsights_sitenote_category":0,"footnotes":""},"categories":[13],"tags":[],"class_list":["post-4954","post","type-post","status-publish","format-standard","has-post-thumbnail","hentry","category-pp-fr-de"],"acf":[],"yoast_head":"<!-- This site is optimized with the Yoast SEO plugin v27.4 - https:\/\/yoast.com\/product\/yoast-seo-wordpress\/ -->\n<title>Mindestl\u00f6hne: Neue Vereinbarung f\u00fcr den Kanton Bern - Convention patronale<\/title>\n<meta name=\"description\" content=\"Retrouvez l\u2019ensemble des informations concernant le coronavirus, les mesures d&#039;hygi\u00e8ne et les informations pour les entreprises horlog\u00e8res et microtechniques.\" \/>\n<meta name=\"robots\" content=\"index, follow, max-snippet:-1, max-image-preview:large, max-video-preview:-1\" \/>\n<link rel=\"canonical\" href=\"https:\/\/cpih.ch\/de\/mindestloehne-neue-vereinbarung-fuer-den-kanton-bern\/\" \/>\n<meta property=\"og:locale\" content=\"de_DE\" \/>\n<meta property=\"og:type\" content=\"article\" \/>\n<meta property=\"og:title\" content=\"Mindestl\u00f6hne: Neue Vereinbarung f\u00fcr den Kanton Bern - Convention patronale\" \/>\n<meta property=\"og:description\" content=\"Retrouvez l\u2019ensemble des informations concernant le coronavirus, les mesures d&#039;hygi\u00e8ne et les informations pour les entreprises horlog\u00e8res et microtechniques.\" \/>\n<meta property=\"og:url\" content=\"https:\/\/cpih.ch\/de\/mindestloehne-neue-vereinbarung-fuer-den-kanton-bern\/\" \/>\n<meta property=\"og:site_name\" content=\"Convention patronale\" \/>\n<meta property=\"article:published_time\" content=\"2022-06-07T11:31:19+00:00\" \/>\n<meta property=\"article:modified_time\" content=\"2022-06-07T11:38:00+00:00\" \/>\n<meta property=\"og:image\" content=\"https:\/\/cpih.ch\/wp-content\/uploads\/test_RS.jpg\" \/>\n\t<meta property=\"og:image:width\" content=\"1200\" \/>\n\t<meta property=\"og:image:height\" content=\"630\" \/>\n\t<meta property=\"og:image:type\" content=\"image\/jpeg\" \/>\n<meta name=\"author\" content=\"Ludovic Voillat\" \/>\n<meta name=\"twitter:card\" content=\"summary_large_image\" \/>\n<meta name=\"twitter:label1\" content=\"Verfasst von\" \/>\n\t<meta name=\"twitter:data1\" content=\"Ludovic Voillat\" \/>\n<script type=\"application\/ld+json\" class=\"yoast-schema-graph\">{\"@context\":\"https:\\\/\\\/schema.org\",\"@graph\":[{\"@type\":\"Article\",\"@id\":\"https:\\\/\\\/cpih.ch\\\/de\\\/mindestloehne-neue-vereinbarung-fuer-den-kanton-bern\\\/#article\",\"isPartOf\":{\"@id\":\"https:\\\/\\\/cpih.ch\\\/de\\\/mindestloehne-neue-vereinbarung-fuer-den-kanton-bern\\\/\"},\"author\":{\"name\":\"Ludovic Voillat\",\"@id\":\"https:\\\/\\\/cpih.ch\\\/#\\\/schema\\\/person\\\/dfeebb45ba64850e44e245af9e4e6b19\"},\"headline\":\"Mindestl\u00f6hne: Neue Vereinbarung f\u00fcr den Kanton Bern\",\"datePublished\":\"2022-06-07T11:31:19+00:00\",\"dateModified\":\"2022-06-07T11:38:00+00:00\",\"mainEntityOfPage\":{\"@id\":\"https:\\\/\\\/cpih.ch\\\/de\\\/mindestloehne-neue-vereinbarung-fuer-den-kanton-bern\\\/\"},\"wordCount\":53,\"commentCount\":0,\"image\":{\"@id\":\"https:\\\/\\\/cpih.ch\\\/de\\\/mindestloehne-neue-vereinbarung-fuer-den-kanton-bern\\\/#primaryimage\"},\"thumbnailUrl\":\"https:\\\/\\\/cpih.ch\\\/wp-content\\\/uploads\\\/rodeo-project-management-software-ONe-snuCaqQ-unsplash-1.jpg\",\"articleSection\":[\"Arbeitgeberpolitik\"],\"inLanguage\":\"de\",\"potentialAction\":[{\"@type\":\"CommentAction\",\"name\":\"Comment\",\"target\":[\"https:\\\/\\\/cpih.ch\\\/de\\\/mindestloehne-neue-vereinbarung-fuer-den-kanton-bern\\\/#respond\"]}]},{\"@type\":\"WebPage\",\"@id\":\"https:\\\/\\\/cpih.ch\\\/de\\\/mindestloehne-neue-vereinbarung-fuer-den-kanton-bern\\\/\",\"url\":\"https:\\\/\\\/cpih.ch\\\/de\\\/mindestloehne-neue-vereinbarung-fuer-den-kanton-bern\\\/\",\"name\":\"Mindestl\u00f6hne: Neue Vereinbarung f\u00fcr den Kanton Bern - Convention patronale\",\"isPartOf\":{\"@id\":\"https:\\\/\\\/cpih.ch\\\/#website\"},\"primaryImageOfPage\":{\"@id\":\"https:\\\/\\\/cpih.ch\\\/de\\\/mindestloehne-neue-vereinbarung-fuer-den-kanton-bern\\\/#primaryimage\"},\"image\":{\"@id\":\"https:\\\/\\\/cpih.ch\\\/de\\\/mindestloehne-neue-vereinbarung-fuer-den-kanton-bern\\\/#primaryimage\"},\"thumbnailUrl\":\"https:\\\/\\\/cpih.ch\\\/wp-content\\\/uploads\\\/rodeo-project-management-software-ONe-snuCaqQ-unsplash-1.jpg\",\"datePublished\":\"2022-06-07T11:31:19+00:00\",\"dateModified\":\"2022-06-07T11:38:00+00:00\",\"author\":{\"@id\":\"https:\\\/\\\/cpih.ch\\\/#\\\/schema\\\/person\\\/dfeebb45ba64850e44e245af9e4e6b19\"},\"description\":\"Retrouvez l\u2019ensemble des informations concernant le coronavirus, les mesures d'hygi\u00e8ne et les informations pour les entreprises horlog\u00e8res et microtechniques.\",\"breadcrumb\":{\"@id\":\"https:\\\/\\\/cpih.ch\\\/de\\\/mindestloehne-neue-vereinbarung-fuer-den-kanton-bern\\\/#breadcrumb\"},\"inLanguage\":\"de\",\"potentialAction\":[{\"@type\":\"ReadAction\",\"target\":[\"https:\\\/\\\/cpih.ch\\\/de\\\/mindestloehne-neue-vereinbarung-fuer-den-kanton-bern\\\/\"]}]},{\"@type\":\"ImageObject\",\"inLanguage\":\"de\",\"@id\":\"https:\\\/\\\/cpih.ch\\\/de\\\/mindestloehne-neue-vereinbarung-fuer-den-kanton-bern\\\/#primaryimage\",\"url\":\"https:\\\/\\\/cpih.ch\\\/wp-content\\\/uploads\\\/rodeo-project-management-software-ONe-snuCaqQ-unsplash-1.jpg\",\"contentUrl\":\"https:\\\/\\\/cpih.ch\\\/wp-content\\\/uploads\\\/rodeo-project-management-software-ONe-snuCaqQ-unsplash-1.jpg\",\"width\":1800,\"height\":1200},{\"@type\":\"BreadcrumbList\",\"@id\":\"https:\\\/\\\/cpih.ch\\\/de\\\/mindestloehne-neue-vereinbarung-fuer-den-kanton-bern\\\/#breadcrumb\",\"itemListElement\":[{\"@type\":\"ListItem\",\"position\":1,\"name\":\"Accueil\",\"item\":\"https:\\\/\\\/cpih.ch\\\/de\\\/\"},{\"@type\":\"ListItem\",\"position\":2,\"name\":\"Mindestl\u00f6hne: Neue Vereinbarung f\u00fcr den Kanton Bern\"}]},{\"@type\":\"WebSite\",\"@id\":\"https:\\\/\\\/cpih.ch\\\/#website\",\"url\":\"https:\\\/\\\/cpih.ch\\\/\",\"name\":\"Convention patronale\",\"description\":\"Un site\",\"potentialAction\":[{\"@type\":\"SearchAction\",\"target\":{\"@type\":\"EntryPoint\",\"urlTemplate\":\"https:\\\/\\\/cpih.ch\\\/?s={search_term_string}\"},\"query-input\":{\"@type\":\"PropertyValueSpecification\",\"valueRequired\":true,\"valueName\":\"search_term_string\"}}],\"inLanguage\":\"de\"},{\"@type\":\"Person\",\"@id\":\"https:\\\/\\\/cpih.ch\\\/#\\\/schema\\\/person\\\/dfeebb45ba64850e44e245af9e4e6b19\",\"name\":\"Ludovic Voillat\",\"image\":{\"@type\":\"ImageObject\",\"inLanguage\":\"de\",\"@id\":\"https:\\\/\\\/secure.gravatar.com\\\/avatar\\\/ef8aa449dc4a3fea76e7a6d3730547e175315a74fa5ea434ed88a72afabaa926?s=96&d=mm&r=g\",\"url\":\"https:\\\/\\\/secure.gravatar.com\\\/avatar\\\/ef8aa449dc4a3fea76e7a6d3730547e175315a74fa5ea434ed88a72afabaa926?s=96&d=mm&r=g\",\"contentUrl\":\"https:\\\/\\\/secure.gravatar.com\\\/avatar\\\/ef8aa449dc4a3fea76e7a6d3730547e175315a74fa5ea434ed88a72afabaa926?s=96&d=mm&r=g\",\"caption\":\"Ludovic Voillat\"},\"url\":\"https:\\\/\\\/cpih.ch\\\/de\\\/author\\\/l-voillatcpih-ch\\\/\"}]}<\/script>\n<!-- \/ Yoast SEO plugin. -->","yoast_head_json":{"title":"Mindestl\u00f6hne: Neue Vereinbarung f\u00fcr den Kanton Bern - Convention patronale","description":"Retrouvez l\u2019ensemble des informations concernant le coronavirus, les mesures d'hygi\u00e8ne et les informations pour les entreprises horlog\u00e8res et microtechniques.","robots":{"index":"index","follow":"follow","max-snippet":"max-snippet:-1","max-image-preview":"max-image-preview:large","max-video-preview":"max-video-preview:-1"},"canonical":"https:\/\/cpih.ch\/de\/mindestloehne-neue-vereinbarung-fuer-den-kanton-bern\/","og_locale":"de_DE","og_type":"article","og_title":"Mindestl\u00f6hne: Neue Vereinbarung f\u00fcr den Kanton Bern - Convention patronale","og_description":"Retrouvez l\u2019ensemble des informations concernant le coronavirus, les mesures d'hygi\u00e8ne et les informations pour les entreprises horlog\u00e8res et microtechniques.","og_url":"https:\/\/cpih.ch\/de\/mindestloehne-neue-vereinbarung-fuer-den-kanton-bern\/","og_site_name":"Convention patronale","article_published_time":"2022-06-07T11:31:19+00:00","article_modified_time":"2022-06-07T11:38:00+00:00","og_image":[{"width":1200,"height":630,"url":"https:\/\/cpih.ch\/wp-content\/uploads\/test_RS.jpg","type":"image\/jpeg"}],"author":"Ludovic Voillat","twitter_card":"summary_large_image","twitter_misc":{"Verfasst von":"Ludovic Voillat"},"schema":{"@context":"https:\/\/schema.org","@graph":[{"@type":"Article","@id":"https:\/\/cpih.ch\/de\/mindestloehne-neue-vereinbarung-fuer-den-kanton-bern\/#article","isPartOf":{"@id":"https:\/\/cpih.ch\/de\/mindestloehne-neue-vereinbarung-fuer-den-kanton-bern\/"},"author":{"name":"Ludovic Voillat","@id":"https:\/\/cpih.ch\/#\/schema\/person\/dfeebb45ba64850e44e245af9e4e6b19"},"headline":"Mindestl\u00f6hne: Neue Vereinbarung f\u00fcr den Kanton Bern","datePublished":"2022-06-07T11:31:19+00:00","dateModified":"2022-06-07T11:38:00+00:00","mainEntityOfPage":{"@id":"https:\/\/cpih.ch\/de\/mindestloehne-neue-vereinbarung-fuer-den-kanton-bern\/"},"wordCount":53,"commentCount":0,"image":{"@id":"https:\/\/cpih.ch\/de\/mindestloehne-neue-vereinbarung-fuer-den-kanton-bern\/#primaryimage"},"thumbnailUrl":"https:\/\/cpih.ch\/wp-content\/uploads\/rodeo-project-management-software-ONe-snuCaqQ-unsplash-1.jpg","articleSection":["Arbeitgeberpolitik"],"inLanguage":"de","potentialAction":[{"@type":"CommentAction","name":"Comment","target":["https:\/\/cpih.ch\/de\/mindestloehne-neue-vereinbarung-fuer-den-kanton-bern\/#respond"]}]},{"@type":"WebPage","@id":"https:\/\/cpih.ch\/de\/mindestloehne-neue-vereinbarung-fuer-den-kanton-bern\/","url":"https:\/\/cpih.ch\/de\/mindestloehne-neue-vereinbarung-fuer-den-kanton-bern\/","name":"Mindestl\u00f6hne: Neue Vereinbarung f\u00fcr den Kanton Bern - Convention patronale","isPartOf":{"@id":"https:\/\/cpih.ch\/#website"},"primaryImageOfPage":{"@id":"https:\/\/cpih.ch\/de\/mindestloehne-neue-vereinbarung-fuer-den-kanton-bern\/#primaryimage"},"image":{"@id":"https:\/\/cpih.ch\/de\/mindestloehne-neue-vereinbarung-fuer-den-kanton-bern\/#primaryimage"},"thumbnailUrl":"https:\/\/cpih.ch\/wp-content\/uploads\/rodeo-project-management-software-ONe-snuCaqQ-unsplash-1.jpg","datePublished":"2022-06-07T11:31:19+00:00","dateModified":"2022-06-07T11:38:00+00:00","author":{"@id":"https:\/\/cpih.ch\/#\/schema\/person\/dfeebb45ba64850e44e245af9e4e6b19"},"description":"Retrouvez l\u2019ensemble des informations concernant le coronavirus, les mesures d'hygi\u00e8ne et les informations pour les entreprises horlog\u00e8res et microtechniques.","breadcrumb":{"@id":"https:\/\/cpih.ch\/de\/mindestloehne-neue-vereinbarung-fuer-den-kanton-bern\/#breadcrumb"},"inLanguage":"de","potentialAction":[{"@type":"ReadAction","target":["https:\/\/cpih.ch\/de\/mindestloehne-neue-vereinbarung-fuer-den-kanton-bern\/"]}]},{"@type":"ImageObject","inLanguage":"de","@id":"https:\/\/cpih.ch\/de\/mindestloehne-neue-vereinbarung-fuer-den-kanton-bern\/#primaryimage","url":"https:\/\/cpih.ch\/wp-content\/uploads\/rodeo-project-management-software-ONe-snuCaqQ-unsplash-1.jpg","contentUrl":"https:\/\/cpih.ch\/wp-content\/uploads\/rodeo-project-management-software-ONe-snuCaqQ-unsplash-1.jpg","width":1800,"height":1200},{"@type":"BreadcrumbList","@id":"https:\/\/cpih.ch\/de\/mindestloehne-neue-vereinbarung-fuer-den-kanton-bern\/#breadcrumb","itemListElement":[{"@type":"ListItem","position":1,"name":"Accueil","item":"https:\/\/cpih.ch\/de\/"},{"@type":"ListItem","position":2,"name":"Mindestl\u00f6hne: Neue Vereinbarung f\u00fcr den Kanton Bern"}]},{"@type":"WebSite","@id":"https:\/\/cpih.ch\/#website","url":"https:\/\/cpih.ch\/","name":"Convention patronale","description":"Un site","potentialAction":[{"@type":"SearchAction","target":{"@type":"EntryPoint","urlTemplate":"https:\/\/cpih.ch\/?s={search_term_string}"},"query-input":{"@type":"PropertyValueSpecification","valueRequired":true,"valueName":"search_term_string"}}],"inLanguage":"de"},{"@type":"Person","@id":"https:\/\/cpih.ch\/#\/schema\/person\/dfeebb45ba64850e44e245af9e4e6b19","name":"Ludovic Voillat","image":{"@type":"ImageObject","inLanguage":"de","@id":"https:\/\/secure.gravatar.com\/avatar\/ef8aa449dc4a3fea76e7a6d3730547e175315a74fa5ea434ed88a72afabaa926?s=96&d=mm&r=g","url":"https:\/\/secure.gravatar.com\/avatar\/ef8aa449dc4a3fea76e7a6d3730547e175315a74fa5ea434ed88a72afabaa926?s=96&d=mm&r=g","contentUrl":"https:\/\/secure.gravatar.com\/avatar\/ef8aa449dc4a3fea76e7a6d3730547e175315a74fa5ea434ed88a72afabaa926?s=96&d=mm&r=g","caption":"Ludovic Voillat"},"url":"https:\/\/cpih.ch\/de\/author\/l-voillatcpih-ch\/"}]}},"_links":{"self":[{"href":"https:\/\/cpih.ch\/de\/wp-json\/wp\/v2\/posts\/4954","targetHints":{"allow":["GET"]}}],"collection":[{"href":"https:\/\/cpih.ch\/de\/wp-json\/wp\/v2\/posts"}],"about":[{"href":"https:\/\/cpih.ch\/de\/wp-json\/wp\/v2\/types\/post"}],"author":[{"embeddable":true,"href":"https:\/\/cpih.ch\/de\/wp-json\/wp\/v2\/users\/3"}],"replies":[{"embeddable":true,"href":"https:\/\/cpih.ch\/de\/wp-json\/wp\/v2\/comments?post=4954"}],"version-history":[{"count":2,"href":"https:\/\/cpih.ch\/de\/wp-json\/wp\/v2\/posts\/4954\/revisions"}],"predecessor-version":[{"id":4964,"href":"https:\/\/cpih.ch\/de\/wp-json\/wp\/v2\/posts\/4954\/revisions\/4964"}],"wp:featuredmedia":[{"embeddable":true,"href":"https:\/\/cpih.ch\/de\/wp-json\/wp\/v2\/media\/4961"}],"wp:attachment":[{"href":"https:\/\/cpih.ch\/de\/wp-json\/wp\/v2\/media?parent=4954"}],"wp:term":[{"taxonomy":"category","embeddable":true,"href":"https:\/\/cpih.ch\/de\/wp-json\/wp\/v2\/categories?post=4954"},{"taxonomy":"post_tag","embeddable":true,"href":"https:\/\/cpih.ch\/de\/wp-json\/wp\/v2\/tags?post=4954"}],"curies":[{"name":"wp","href":"https:\/\/api.w.org\/{rel}","templated":true}]}}